{"id":143,"date":"2019-06-17T22:01:36","date_gmt":"2019-06-17T20:01:36","guid":{"rendered":"http:\/\/www.steintormasch.de\/wiesengrund\/?p=143"},"modified":"2026-04-19T13:59:40","modified_gmt":"2026-04-19T11:59:40","slug":"sommerfest-2019","status":"publish","type":"post","link":"https:\/\/www.steintormasch.de\/wiesengrund\/sommerfest-2019\/","title":{"rendered":"Wichtige Informationen 2026 Der Kolonie Wiesengrund"},"content":{"rendered":"\n<div class=\"wp-block-group is-vertical is-content-justification-stretch is-layout-flex wp-container-core-group-is-layout-b16ad781 wp-block-group-is-layout-flex\">\n<div class=\"wp-block-group is-vertical is-content-justification-center is-layout-flex wp-container-core-group-is-layout-48c2c4f0 wp-block-group-is-layout-flex\">\n<div class=\"wp-block-group\"><div class=\"wp-block-group__inner-container is-layout-constrained wp-block-group-is-layout-constrained\">\n<p class=\"has-text-align-center\"><mark style=\"background-color:#ff6900\" class=\"has-inline-color\">Wichtige Informationen<\/mark> <\/p>\n\n\n\n<p class=\"has-text-align-center\">Unser Kolonieheim Zur Sonne feiert dieses Jahr 100 j\u00e4hriges bestehen<\/p>\n\n\n\n<p class=\"has-text-align-center\"><br><mark style=\"background-color:#7bdcb5\" class=\"has-inline-color has-black-color\">Ein weiterer Gr\u00fcnschnitt Container<\/mark> wird vom Verein zur Verf\u00fcgung gestellt.<br>Termin ist der <mark style=\"background-color:#ff6900\" class=\"has-inline-color\"><strong><code>22.04 ab 16.00<\/code>h<\/strong> <\/mark>r <strong><em><mark style=\"background-color:#ff6900\" class=\"has-inline-color\">(In der Steintormasch (h\u00f6he Poggenkamp<\/mark><\/em><\/strong>)<\/p>\n\n\n\n<div class=\"wp-block-group is-vertical is-content-justification-center is-layout-flex wp-container-core-group-is-layout-4b2eccd6 wp-block-group-is-layout-flex\">\n<p><\/p>\n\n\n\n<p><\/p>\n\n\n\n<p class=\"has-text-align-center\">                                                           <strong>Ruhezeiten im Verein <\/strong><\/p>\n\n\n\n<p class=\"has-text-align-left\"> <strong><mark class=\"has-inline-color has-vivid-red-color\">Monat : 01.April bis 30.September<\/mark><\/strong><\/p>\n<\/div>\n<\/div><\/div>\n<\/div>\n\n\n\n<ol class=\"wp-block-list\">\n<li><\/li>\n<\/ol>\n<\/div>\n\n\n\n<p class=\"has-text-align-center\"><strong><mark style=\"background-color:#fcb900\" class=\"has-inline-color\">Gemeinschaftsarbeit:<\/mark><\/strong><\/p>\n\n\n\n<p class=\"has-text-align-center\"><strong><mark style=\"background-color:#fcb900\" class=\"has-inline-color\">&#8220; Aus Organisatorischen bzw. planungstechnischen Gr\u00fcnden setzen wir in diesen Jahr eine Voranmeldung ( 1Woche vor den Jeweiligen Termin) voraus.&#8220;<\/mark><\/strong><\/p>\n\n\n\n<div class=\"wp-block-group\"><div class=\"wp-block-group__inner-container is-layout-constrained wp-block-group-is-layout-constrained\">\n<ol class=\"wp-block-list\">\n<li><s>Mittwoch 11.03.26 16-20 Uhr Anmeldung bis 04.03.26<\/s><\/li>\n\n\n\n<li>Samstag 18.04.26 09.13 Uhr Anmeldung bis 11.04.26<\/li>\n\n\n\n<li>Mittwoch 06.05.26 16-20 Uhr Anmeldung bis 29.04.26<\/li>\n\n\n\n<li>Samstag 13.06.26 9-13 Uhr Anmeldung bis 06.06.26<\/li>\n\n\n\n<li>Mittwoch 27.06.26 16-20 Uhr Anmeldung bis 20.06.26<\/li>\n\n\n\n<li>Mittwoch 08.07.26 16-20 Uhr Anmeldung bis 01.07.26<\/li>\n\n\n\n<li>Samstag 25.07.26 09-13 Uhr Anmeldung bis 18.07.26<\/li>\n\n\n\n<li>Mittwoch 05.08.26 16-20 Uhr Anmeldung bis 29.07.26<\/li>\n\n\n\n<li>Samstag 29.08.26 9-13 Uhr Anmeldung bis 22.08.26<\/li>\n\n\n\n<li>Samstag 26.09.25 9-13 Uhr Anmeldung bis 19.09.26<\/li>\n<\/ol>\n\n\n\n<p><mark style=\"background-color:#fcb900\" class=\"has-inline-color has-black-color\">Wichtige Hinweise Zur Anmeldung<\/mark><\/p>\n\n\n\n<p><mark style=\"background-color:#fcb900\" class=\"has-inline-color\">Da eine Voranmeldung mindestens eine Woche vorher Pflicht ist, kannst du dich hier melden:<\/mark><\/p>\n\n\n\n<p><mark style=\"background-color:#fcb900\" class=\"has-inline-color\">Telefonisch 0152\/34535037 (Herr Fries 1 Kolonieleiter)<\/mark><\/p>\n\n\n\n<p><mark style=\"background-color:#fcb900\" class=\"has-inline-color\">Per Email: Schneider7375@gmail.com (Schneider-Wittstock, 2 Kolonieleiter)<\/mark><\/p>\n\n\n\n<p class=\"has-text-align-center\"><strong>Weitere Termine:<\/strong><\/p>\n\n\n\n<p class=\"has-text-align-center\"><strong><mark style=\"background-color:#00d084\" class=\"has-inline-color\">Jahreshauptversammlung<\/mark>: der Kolonie Wiesengrund<\/strong><\/p>\n\n\n\n<p class=\"has-text-align-center\"> findet am <strong>Donnerstag <\/strong>den,<strong>07.05.2026<\/strong>, um <strong>18.00 <\/strong>Uhr im <strong>Cafe Steintormasch<\/strong> statt.<\/p>\n\n\n\n<p class=\"has-text-align-center\">Tagesordnung liegt vor Ort aus (Termin)   <\/p>\n\n\n\n<p class=\"has-text-align-center\">und 4.Wochen vorher ist das Vorjahres Sitzungsprotokoll  in der Hauptstelle<\/p>\n\n\n\n<p>                         einsehbar.<\/p>\n\n\n\n<div class=\"wp-block-group is-layout-grid wp-container-core-group-is-layout-9649a0d9 wp-block-group-is-layout-grid\"><\/div>\n<\/div><\/div>\n\n\n\n<p class=\"has-text-align-center\">   <strong>  <mark style=\"color:#dc1b1b\" class=\"has-inline-color\"> (Arbeitszeit)  <\/mark><\/strong><\/p>\n\n\n\n<p class=\"has-text-align-center\">     <strong> Montag bis Freitag<\/strong>  7.00 bis 13.00 Uhr und 15.00 bis 20.00 Uhr                                                  <\/p>\n\n\n\n<p class=\"has-text-align-center\">     <strong> Samstag<\/strong>  7.00 bis 13.00 Uhr<\/p>\n\n\n\n<p class=\"has-text-align-center\">      <strong> Sonn- und Feiertage  <mark class=\"has-inline-color has-vivid-red-color\"> Ganzt\u00e4gige Ruhe<\/mark><\/strong><\/p>\n\n\n\n<p class=\"has-text-align-center\">      <strong><mark class=\"has-inline-color has-vivid-red-color\">Monat ; 01. Oktober bis 31.M\u00e4rz<\/mark><\/strong><\/p>\n\n\n\n<p class=\"has-text-align-center\">     <strong><mark style=\"color:#dc1b1b\" class=\"has-inline-color\"> (Arbeitszeit)  <\/mark><\/strong><\/p>\n\n\n\n<p class=\"has-text-align-center\">      <strong>Montag bis Freitag<\/strong>  7.00 bis 13.00 Uhr und 15.00 bis 20.00 Uhr  <\/p>\n\n\n\n<p class=\"has-text-align-center\">     <strong>Samstag<\/strong>  7.00 bis 13.00 Uhr und  15.00 bis 20.00 Uhr  <\/p>\n\n\n\n<p class=\"has-text-align-center\">     <strong> Sonn- und Feiertage  <mark class=\"has-inline-color has-vivid-red-color\"> Ganzt\u00e4gige Ruh<\/mark><\/strong>e<\/p>\n\n\n\n<p class=\"has-text-align-center\">Der Jonny Skrypek Pokal findet am Sonntag, den  28.06.2026 , um 11.00 h im Vereinsheim von S.V.Odin von 1905 Hannover ,An der Graft 1,30167 Hannover statt. Die Kolonie Wiesengrund ist der Ausrichter.<\/p>\n\n\n\n<p>Der Horst Bei\u00dfner Pokal findet am Sonntag, den 25.10.2026, um 11.00 h ebenfalls im Vereinsheim des S.V.Odin von 1905 Hannover statt. Auch diesen richtet die Kolonie Wiesengrund aus.<\/p>\n\n\n\n<div class=\"wp-block-group is-layout-grid wp-container-core-group-is-layout-9649a0d9 wp-block-group-is-layout-grid\">\n<p><strong><mark class=\"has-inline-color has-vivid-red-color\">Unsere diesj\u00e4hrige Wegebegehung<br>findet am &#8230;, den &#8230;. <br>ab &#8230;Uhr statt.<br>Bitte seid alle in euren G\u00e4rten und haltet das Wassergeld in H\u00f6he von 5,50 \u20ac bereit.<\/mark><\/strong><\/p>\n\n\n\n<p><\/p>\n<\/div>\n\n\n\n<p><\/p>\n\n\n\n<p>Am 09.05. und 10.05. 2026  findet die 26. Hannoversche Pflanzentage, im Stadtpark, am Hannover Congress Centrum statt.                                                                                                                                                           <\/p>\n\n\n\n<p>Viele G\u00e4rtnereien und Pflanzenliebhabergesellschaften bieten botanische Rarit\u00e4ten f\u00fcr Haus und Garten sowie Fachberatung an.<\/p>\n\n\n\n<p><\/p>\n\n\n\n<p><\/p>\n\n\n<h1 class=\"has-text-align-center wp-block-post-title\">Wichtige Informationen 2026 Der Kolonie Wiesengrund<\/h1>\n\n\n<p><\/p>\n\n\n\n<p><\/p>\n","protected":false},"excerpt":{"rendered":"<p>Wichtige Informationen Unser Kolonieheim Zur Sonne feiert dieses Jahr 100 j\u00e4hriges bestehen Ein weiterer Gr\u00fcnschnitt Container wird vom Verein zur Verf\u00fcgung gestellt.Termin ist der 22.04 ab 16.00h r (In der Steintormasch (h\u00f6he Poggenkamp) Ruhezeiten im Verein Monat : 01.April bis&#8230;<br \/><a class=\"read-more-button\" href=\"https:\/\/www.steintormasch.de\/wiesengrund\/sommerfest-2019\/\">Mehr Lesen<\/a><\/p>\n","protected":false},"author":1,"featured_media":0,"comment_status":"closed","ping_status":"closed","sticky":false,"template":"","format":"standard","meta":{"footnotes":""},"categories":[1],"tags":[],"class_list":["post-143","post","type-post","status-publish","format-standard","hentry","category-allgemein"],"_links":{"self":[{"href":"https:\/\/www.steintormasch.de\/wiesengrund\/wp-json\/wp\/v2\/posts\/143","targetHints":{"allow":["GET"]}}],"collection":[{"href":"https:\/\/www.steintormasch.de\/wiesengrund\/wp-json\/wp\/v2\/posts"}],"about":[{"href":"https:\/\/www.steintormasch.de\/wiesengrund\/wp-json\/wp\/v2\/types\/post"}],"author":[{"embeddable":true,"href":"https:\/\/www.steintormasch.de\/wiesengrund\/wp-json\/wp\/v2\/users\/1"}],"replies":[{"embeddable":true,"href":"https:\/\/www.steintormasch.de\/wiesengrund\/wp-json\/wp\/v2\/comments?post=143"}],"version-history":[{"count":35,"href":"https:\/\/www.steintormasch.de\/wiesengrund\/wp-json\/wp\/v2\/posts\/143\/revisions"}],"predecessor-version":[{"id":258,"href":"https:\/\/www.steintormasch.de\/wiesengrund\/wp-json\/wp\/v2\/posts\/143\/revisions\/258"}],"wp:attachment":[{"href":"https:\/\/www.steintormasch.de\/wiesengrund\/wp-json\/wp\/v2\/media?parent=143"}],"wp:term":[{"taxonomy":"category","embeddable":true,"href":"https:\/\/www.steintormasch.de\/wiesengrund\/wp-json\/wp\/v2\/categories?post=143"},{"taxonomy":"post_tag","embeddable":true,"href":"https:\/\/www.steintormasch.de\/wiesengrund\/wp-json\/wp\/v2\/tags?post=143"}],"curies":[{"name":"wp","href":"https:\/\/api.w.org\/{rel}","templated":true}]}}